{"id":8949,"date":"2020-04-07T22:48:50","date_gmt":"2020-04-07T22:48:50","guid":{"rendered":"http:\/\/nyhs.edu.al\/?p=8949"},"modified":"2020-04-07T22:48:50","modified_gmt":"2020-04-07T22:48:50","slug":"projekti-evropa-ne-shkolle","status":"publish","type":"post","link":"https:\/\/nys.edu.al\/?p=8949","title":{"rendered":"Projekti &#8220;Evropa n\u00eb shkoll\u00eb&#8221;"},"content":{"rendered":"<p>[vc_row][vc_column][vc_column_text]<\/p>\n<p>Muaji dhjetor 2019 sh\u00ebnoi fillimin e nj\u00eb projekti shume interesant dhe sfidues t\u00eb quajtur \u201cEvropa n\u00eb shkoll\u00eb\u201d. I iniciuar prej Shoqat\u00ebs Evropiane t\u00eb M\u00ebsuesve t\u00eb Historis\u00eb Euroclio, Shoqat\u00ebs Holandeze t\u00eb M\u00ebsuesve t\u00eb Historis\u00eb dhe televizionit holandez VPRO, ky projekt panevropian do t\u00eb bashkonte rreth 20 shkolla nga vende t\u00eb ndryshme t\u00eb Evrop\u00ebs n\u00eb nj\u00eb nism\u00eb p\u00ebr t\u00eb krijuar dokumentar\u00eb t\u00eb shkurt\u00ebr mbi dy tematika aktuale q\u00eb nxisin shum\u00eb debate: \u201cHistoria e v\u00ebshtir\u00eb \u2013 luftrat n\u00eb ish-Jugosllavi\u201d dhe \u201cMigrimi\u201d.<\/p>\n<p>Pjes\u00eb e k\u00ebtij projekti ishte edhe New York High School me nj\u00eb grup nx\u00ebn\u00ebsish n\u00ebn drejtimin e n\u00ebndrejtores, nj\u00ebkoh\u00ebsisht m\u00ebsuese e historis\u00eb, Anila Beshaj.<\/p>\n<p>Projekti parashikonte krijimin e nj\u00eb partneriteti mes shkollave pjesmarr\u00ebse nga vende t\u00eb ndryshme evropiane n\u00eb form\u00eb binjak\u00ebzimi. New York High School u binjak\u00ebzua me nj\u00eb shkoll\u00eb t\u00eb mesme nga Rajoni Bask n\u00eb Spanj\u00eb me t\u00eb cil\u00ebn pati nj\u00eb shk\u00ebmbim intensiv experiencash dhe njohje t\u00eb vendeve reciproke.<\/p>\n<p>Megjith\u00eb kushtet e v\u00ebshtira p\u00ebr shkak t\u00eb t\u00ebrmetit t\u00eb 26 n\u00ebntorit dhe situat\u00ebs s\u00eb pandemis\u00eb aktuale, ekipi i New York High School punuan me intensitet dhe p\u00ebrkushtim p\u00ebr realizmin e t\u00eb gjitha fazave t\u00eb projektit deri n\u00eb krijimin e produktit p\u00ebrfundimtar, nj\u00eb dokumentar i shkurt\u00ebr rreth historis\u00eb s\u00eb emigracionit shqiptar pas viteve \u201990.<\/p>\n<p>Ky dokumentar mori vler\u00ebsimet m\u00eb t\u00eb mira nga organizator\u00ebt e projektit.<\/p>\n<p>Ky projekt i par\u00eb do t\u00eb ndiqet nga nj\u00eb faz\u00eb tjet\u00ebr n\u00eb muajin shtator 2020 ku dy tematika t\u00eb tjera do t\u00eb jen\u00eb objekti i pun\u00ebs s\u00eb nx\u00ebn\u00ebsve p\u00ebr krijimin e dokumentar\u00ebve t\u00eb rinj. Ne\u00eb York High School do t\u00eb jet\u00eb patjet\u00ebr e pranishme.<\/p>\n<div style=\"width: 600px;\" class=\"wp-video\"><video class=\"wp-video-shortcode\" id=\"video-8949-1\" width=\"600\" height=\"400\" preload=\"metadata\" controls=\"controls\"><source type=\"video\/mp4\" src=\"http:\/\/nyhs.edu.al\/wp-content\/uploads\/2020\/04\/10000000_240148873773907_1700281014506487808_n.mp4?_=1\" \/><a href=\"http:\/\/nyhs.edu.al\/wp-content\/uploads\/2020\/04\/10000000_240148873773907_1700281014506487808_n.mp4\">http:\/\/nyhs.edu.al\/wp-content\/uploads\/2020\/04\/10000000_240148873773907_1700281014506487808_n.mp4<\/a><\/video><\/div>[\/vc_column_text][\/vc_column][\/vc_row]<\/p>\n","protected":false},"excerpt":{"rendered":"<p>[vc_row][vc_column][vc_column_text] Muaji dhjetor 2019 sh\u00ebnoi fillimin e nj\u00eb projekti shume interesant dhe sfidues t\u00eb quajtur \u201cEvropa n\u00eb shkoll\u00eb\u201d. I iniciuar prej Shoqat\u00ebs Evropiane t\u00eb M\u00ebsuesve t\u00eb Historis\u00eb Euroclio, Shoqat\u00ebs Holandeze t\u00eb M\u00ebsuesve t\u00eb Historis\u00eb dhe televizionit holandez VPRO, ky projekt &hellip; <\/p>\n","protected":false},"author":1,"featured_media":8950,"comment_status":"open","ping_status":"open","sticky":false,"template":"","format":"video","meta":{"footnotes":""},"categories":[145],"tags":[],"class_list":["post-8949","post","type-post","status-publish","format-video","has-post-thumbnail","hentry","category-aktivitete-jashte-shkollore","post_format-post-format-video"],"_links":{"self":[{"href":"https:\/\/nys.edu.al\/index.php?rest_route=\/wp\/v2\/posts\/8949","targetHints":{"allow":["GET"]}}],"collection":[{"href":"https:\/\/nys.edu.al\/index.php?rest_route=\/wp\/v2\/posts"}],"about":[{"href":"https:\/\/nys.edu.al\/index.php?rest_route=\/wp\/v2\/types\/post"}],"author":[{"embeddable":true,"href":"https:\/\/nys.edu.al\/index.php?rest_route=\/wp\/v2\/users\/1"}],"replies":[{"embeddable":true,"href":"https:\/\/nys.edu.al\/index.php?rest_route=%2Fwp%2Fv2%2Fcomments&post=8949"}],"version-history":[{"count":0,"href":"https:\/\/nys.edu.al\/index.php?rest_route=\/wp\/v2\/posts\/8949\/revisions"}],"wp:featuredmedia":[{"embeddable":true,"href":"https:\/\/nys.edu.al\/index.php?rest_route=\/"}],"wp:attachment":[{"href":"https:\/\/nys.edu.al\/index.php?rest_route=%2Fwp%2Fv2%2Fmedia&parent=8949"}],"wp:term":[{"taxonomy":"category","embeddable":true,"href":"https:\/\/nys.edu.al\/index.php?rest_route=%2Fwp%2Fv2%2Fcategories&post=8949"},{"taxonomy":"post_tag","embeddable":true,"href":"https:\/\/nys.edu.al\/index.php?rest_route=%2Fwp%2Fv2%2Ftags&post=8949"}],"curies":[{"name":"wp","href":"https:\/\/api.w.org\/{rel}","templated":true}]}}