{"id":17249,"date":"2023-12-26T09:15:00","date_gmt":"2023-12-26T09:15:00","guid":{"rendered":"https:\/\/nys.edu.al\/?p=17249"},"modified":"2023-12-28T09:17:38","modified_gmt":"2023-12-28T09:17:38","slug":"medalje-e-arte-2","status":"publish","type":"post","link":"https:\/\/nys.edu.al\/?p=17249","title":{"rendered":"Medalje e Art\u00eb"},"content":{"rendered":"\n<p>Krenar p\u00ebr nx\u00ebn\u00ebsit tan\u00eb t\u00eb gjimnazit Tirana Maarif Campus New York Jehona Deliu, Tedi Xhihani dhe Emira Bulku, t\u00eb cil\u00ebt u dekoruan nga kryeministri Edi Rama me &#8220;Medaljen e Art\u00eb&#8221; p\u00ebr arritje t\u00eb shk\u00eblqyera akademike. Kjo fal\u00eb p\u00ebrkushtimit dhe d\u00ebshir\u00ebs s\u00eb tyre p\u00ebr t&#8217;u renditur nd\u00ebr m\u00eb t\u00eb mir\u00ebt. Suksese t\u00eb gjith\u00eb student\u00ebve tan\u00eb q\u00eb vazhdojn\u00eb studimet n\u00eb universitete t\u00eb ndryshme, n\u00eb Shqip\u00ebri dhe jasht\u00eb saj.<\/p>\n\n\n\n<figure class=\"wp-block-image size-large\"><img fetchpriority=\"high\" decoding=\"async\" width=\"1024\" height=\"576\" src=\"https:\/\/nys.edu.al\/wp-content\/uploads\/2023\/12\/414657970_830705579064347_1606850329613332856_n-1024x576.jpg\" alt=\"\" class=\"wp-image-17252\" srcset=\"https:\/\/nys.edu.al\/wp-content\/uploads\/2023\/12\/414657970_830705579064347_1606850329613332856_n-1024x576.jpg 1024w, https:\/\/nys.edu.al\/wp-content\/uploads\/2023\/12\/414657970_830705579064347_1606850329613332856_n-300x169.jpg 300w, https:\/\/nys.edu.al\/wp-content\/uploads\/2023\/12\/414657970_830705579064347_1606850329613332856_n-768x432.jpg 768w, https:\/\/nys.edu.al\/wp-content\/uploads\/2023\/12\/414657970_830705579064347_1606850329613332856_n-1536x864.jpg 1536w, https:\/\/nys.edu.al\/wp-content\/uploads\/2023\/12\/414657970_830705579064347_1606850329613332856_n.jpg 2048w\" sizes=\"(max-width: 1024px) 100vw, 1024px\" \/><\/figure>\n","protected":false},"excerpt":{"rendered":"<p>Krenar p\u00ebr nx\u00ebn\u00ebsit tan\u00eb t\u00eb gjimnazit Tirana Maarif Campus New York Jehona Deliu, Tedi Xhihani dhe Emira Bulku, t\u00eb cil\u00ebt u dekoruan nga kryeministri Edi Rama me &#8220;Medaljen e Art\u00eb&#8221; p\u00ebr arritje t\u00eb shk\u00eblqyera akademike. Kjo fal\u00eb p\u00ebrkushtimit dhe d\u00ebshir\u00ebs &hellip; <\/p>\n","protected":false},"author":1,"featured_media":17250,"comment_status":"open","ping_status":"open","sticky":false,"template":"","format":"standard","meta":{"footnotes":""},"categories":[147],"tags":[],"class_list":["post-17249","post","type-post","status-publish","format-standard","has-post-thumbnail","hentry","category-fitues-te-olimpiadave-dhe-konkurseve-te-tjera"],"_links":{"self":[{"href":"https:\/\/nys.edu.al\/index.php?rest_route=\/wp\/v2\/posts\/17249","targetHints":{"allow":["GET"]}}],"collection":[{"href":"https:\/\/nys.edu.al\/index.php?rest_route=\/wp\/v2\/posts"}],"about":[{"href":"https:\/\/nys.edu.al\/index.php?rest_route=\/wp\/v2\/types\/post"}],"author":[{"embeddable":true,"href":"https:\/\/nys.edu.al\/index.php?rest_route=\/wp\/v2\/users\/1"}],"replies":[{"embeddable":true,"href":"https:\/\/nys.edu.al\/index.php?rest_route=%2Fwp%2Fv2%2Fcomments&post=17249"}],"version-history":[{"count":2,"href":"https:\/\/nys.edu.al\/index.php?rest_route=\/wp\/v2\/posts\/17249\/revisions"}],"predecessor-version":[{"id":17254,"href":"https:\/\/nys.edu.al\/index.php?rest_route=\/wp\/v2\/posts\/17249\/revisions\/17254"}],"wp:featuredmedia":[{"embeddable":true,"href":"https:\/\/nys.edu.al\/index.php?rest_route=\/wp\/v2\/media\/17250"}],"wp:attachment":[{"href":"https:\/\/nys.edu.al\/index.php?rest_route=%2Fwp%2Fv2%2Fmedia&parent=17249"}],"wp:term":[{"taxonomy":"category","embeddable":true,"href":"https:\/\/nys.edu.al\/index.php?rest_route=%2Fwp%2Fv2%2Fcategories&post=17249"},{"taxonomy":"post_tag","embeddable":true,"href":"https:\/\/nys.edu.al\/index.php?rest_route=%2Fwp%2Fv2%2Ftags&post=17249"}],"curies":[{"name":"wp","href":"https:\/\/api.w.org\/{rel}","templated":true}]}}