{"id":16994,"date":"2023-07-07T08:01:00","date_gmt":"2023-07-07T08:01:00","guid":{"rendered":"https:\/\/nys.edu.al\/?p=16994"},"modified":"2023-08-24T08:02:35","modified_gmt":"2023-08-24T08:02:35","slug":"konkursin-evropian-i-eseve-shkencore","status":"publish","type":"post","link":"https:\/\/nys.edu.al\/?p=16994","title":{"rendered":"Konkursin Evropian i Eseve Shkencore"},"content":{"rendered":"\n<p><img decoding=\"async\" height=\"16\" width=\"16\" alt=\"\ud83e\uddec\" src=\"https:\/\/static.xx.fbcdn.net\/images\/emoji.php\/v9\/t2f\/1\/16\/1f9ec.png\"> Krenar\u00eb p\u00ebr pjes\u00ebmarrjen e nx\u00ebn\u00ebsve tan\u00eb n\u00eb Konkursin Evropian t\u00eb Eseve Shkencore n\u00eb rastin e Dit\u00ebs s\u00eb ADN-s\u00eb 2023.<\/p>\n\n\n\n<p>Tre prej tyre, Mishel Zdrava, Blendi Avdolli dhe Dea Marku, jan\u00eb listuar n\u00eb list\u00ebn honorifike evropiane. Urime nx\u00ebn\u00ebsve p\u00ebr p\u00ebrkushtimin e tyre n\u00eb k\u00ebt\u00eb konkurs prestigjioz evropian. Suksese t\u00eb m\u00ebtejshme! <img decoding=\"async\" height=\"16\" width=\"16\" src=\"https:\/\/static.xx.fbcdn.net\/images\/emoji.php\/v9\/tb8\/1\/16\/1f4e1.png\" alt=\"\ud83d\udce1\"><img decoding=\"async\" height=\"16\" width=\"16\" src=\"https:\/\/static.xx.fbcdn.net\/images\/emoji.php\/v9\/t7e\/1\/16\/1f52c.png\" alt=\"\ud83d\udd2c\"><img loading=\"lazy\" decoding=\"async\" height=\"16\" width=\"16\" src=\"https:\/\/static.xx.fbcdn.net\/images\/emoji.php\/v9\/t0\/1\/16\/1f9a0.png\" alt=\"\ud83e\udda0\"><img loading=\"lazy\" decoding=\"async\" height=\"16\" width=\"16\" src=\"https:\/\/static.xx.fbcdn.net\/images\/emoji.php\/v9\/t2d\/1\/16\/1f9ea.png\" alt=\"\ud83e\uddea\"><img loading=\"lazy\" decoding=\"async\" height=\"16\" width=\"16\" src=\"https:\/\/static.xx.fbcdn.net\/images\/emoji.php\/v9\/tff\/1\/16\/1f52d.png\" alt=\"\ud83d\udd2d\"><img loading=\"lazy\" decoding=\"async\" height=\"16\" width=\"16\" src=\"https:\/\/static.xx.fbcdn.net\/images\/emoji.php\/v9\/tc1\/1\/16\/1f50d.png\" alt=\"\ud83d\udd0d\"><\/p>\n","protected":false},"excerpt":{"rendered":"<p>Krenar\u00eb p\u00ebr pjes\u00ebmarrjen e nx\u00ebn\u00ebsve tan\u00eb n\u00eb Konkursin Evropian t\u00eb Eseve Shkencore n\u00eb rastin e Dit\u00ebs s\u00eb ADN-s\u00eb 2023. Tre prej tyre, Mishel Zdrava, Blendi Avdolli dhe Dea Marku, jan\u00eb listuar n\u00eb list\u00ebn honorifike evropiane. Urime nx\u00ebn\u00ebsve p\u00ebr p\u00ebrkushtimin e &hellip; <\/p>\n","protected":false},"author":1,"featured_media":16995,"comment_status":"open","ping_status":"open","sticky":false,"template":"","format":"standard","meta":{"footnotes":""},"categories":[147],"tags":[],"class_list":["post-16994","post","type-post","status-publish","format-standard","has-post-thumbnail","hentry","category-fitues-te-olimpiadave-dhe-konkurseve-te-tjera"],"_links":{"self":[{"href":"https:\/\/nys.edu.al\/index.php?rest_route=\/wp\/v2\/posts\/16994","targetHints":{"allow":["GET"]}}],"collection":[{"href":"https:\/\/nys.edu.al\/index.php?rest_route=\/wp\/v2\/posts"}],"about":[{"href":"https:\/\/nys.edu.al\/index.php?rest_route=\/wp\/v2\/types\/post"}],"author":[{"embeddable":true,"href":"https:\/\/nys.edu.al\/index.php?rest_route=\/wp\/v2\/users\/1"}],"replies":[{"embeddable":true,"href":"https:\/\/nys.edu.al\/index.php?rest_route=%2Fwp%2Fv2%2Fcomments&post=16994"}],"version-history":[{"count":1,"href":"https:\/\/nys.edu.al\/index.php?rest_route=\/wp\/v2\/posts\/16994\/revisions"}],"predecessor-version":[{"id":16996,"href":"https:\/\/nys.edu.al\/index.php?rest_route=\/wp\/v2\/posts\/16994\/revisions\/16996"}],"wp:featuredmedia":[{"embeddable":true,"href":"https:\/\/nys.edu.al\/index.php?rest_route=\/wp\/v2\/media\/16995"}],"wp:attachment":[{"href":"https:\/\/nys.edu.al\/index.php?rest_route=%2Fwp%2Fv2%2Fmedia&parent=16994"}],"wp:term":[{"taxonomy":"category","embeddable":true,"href":"https:\/\/nys.edu.al\/index.php?rest_route=%2Fwp%2Fv2%2Fcategories&post=16994"},{"taxonomy":"post_tag","embeddable":true,"href":"https:\/\/nys.edu.al\/index.php?rest_route=%2Fwp%2Fv2%2Ftags&post=16994"}],"curies":[{"name":"wp","href":"https:\/\/api.w.org\/{rel}","templated":true}]}}